{"id":6776,"date":"2026-07-21T08:58:24","date_gmt":"2026-07-21T08:58:24","guid":{"rendered":"https:\/\/www.oriocenter.it\/?p=6776"},"modified":"2026-07-21T08:58:26","modified_gmt":"2026-07-21T08:58:26","slug":"masterclass-con-la-pecchi","status":"publish","type":"post","link":"https:\/\/www.oriocenter.it\/en\/masterclass-con-la-pecchi\/","title":{"rendered":"Masterclass with Pecchi"},"content":{"rendered":"<p class=\"wp-block-paragraph\"><strong>Ready for your brow wow? <\/strong><\/p>\n\n\n\n<p class=\"wp-block-paragraph\">La Pecchi awaits you at \u00c8 QUI Parafarmacia <strong>Saturday 1 August at 4:30 PM<\/strong> for a special date.<\/p>\n\n\n\n<p class=\"wp-block-paragraph\">During the masterclass, the new Volumising Eyebrow Mascara, born from the collaboration with the dermocosmetic brand Rougj, will be presented and its use will be demonstrated live.<\/p>\n\n\n\n<p class=\"wp-block-paragraph\">You'll discover how to achieve fuller, more defined, and perfectly groomed eyebrows with a natural effect that lasts all day. Thanks to practical demonstrations and professional tips, you'll learn how to enhance your eyebrows to their best and use the product simply and effectively.<\/p>\n\n\n\n<p class=\"wp-block-paragraph\"><strong>Don't miss the chance to meet La Pecchi and have an exclusive beauty experience!<\/strong><\/p>\n\n\n\n<p class=\"wp-block-paragraph\"><em>During the event, video footage and photographs may be taken and used by \u00c8 QUI Parafarmacie, Rougj, La Pecchi, and Oriocenter for communication, promotion, and documentation purposes related to the event, through publication on their respective websites, social media channels, and other corporate communication tools.<\/em><\/p>\n\n\n\n<p class=\"wp-block-paragraph\"><em>By registering for the event, the participant declares that they have read this notice and give their consent for their image to be used for the purposes indicated above, without prejudice to the right to withdraw consent within the limits provided for by current legislation.<\/em><\/p>\n\n\n\n<p class=\"wp-block-paragraph\"><a href=\"https:\/\/www.eventbrite.it\/e\/biglietti-la-pecchi-x-rouji-equi-parafarmacia-orio-al-serio-1992048928971\">BOOK YOUR PLACE<\/a> <\/p>","protected":false},"excerpt":{"rendered":"<p>READY FOR YOUR BROW WOW? La Pecchi awaits you at \u00c8 QUI Parafarmacia on Saturday 1st August at 4:30 PM for a special event. During the masterclass, she will present the new Volumising Brow Mascara, born from a collaboration with the dermocosmetic brand Rougj, and will demonstrate its use with a live demonstration. You'll discover how to get fuller brows [\u2026]<\/p>","protected":false},"author":4,"featured_media":6777,"comment_status":"closed","ping_status":"closed","sticky":false,"template":"","format":"standard","meta":{"_acf_changed":false,"footnotes":""},"categories":[1],"tags":[],"class_list":["post-6776","post","type-post","status-publish","format-standard","has-post-thumbnail","hentry","category-eventi"],"acf":[],"yoast_head":"<!-- This site is optimized with the Yoast SEO plugin v26.5 - https:\/\/yoast.com\/wordpress\/plugins\/seo\/ -->\n<title>MASTERCLASS CON LA PECCHI | Oriocenter<\/title>\n<meta name=\"robots\" content=\"index, follow, max-snippet:-1, max-image-preview:large, max-video-preview:-1\" \/>\n<link rel=\"canonical\" href=\"https:\/\/www.oriocenter.it\/en\/masterclass-con-la-pecchi\/\" \/>\n<meta property=\"og:locale\" content=\"en_GB\" \/>\n<meta property=\"og:type\" content=\"article\" \/>\n<meta property=\"og:title\" content=\"MASTERCLASS CON LA PECCHI | Oriocenter\" \/>\n<meta property=\"og:description\" content=\"PRONTA PER LE TUE BROW WOW? La Pecchi ti aspetta da \u00c8 QUI Parafarmacia sabato 1 agosto alle ore 16.30 per un appuntamento speciale. Durante la masterclass presenter\u00e0 il nuovo Mascara Sopracciglia Volumizzante, nato dalla collaborazione con il brand dermocosmetico Rougj, e ne mostrer\u00e0 l&#8217;utilizzo attraverso una dimostrazione dal vivo. Scoprirai come ottenere sopracciglia pi\u00f9 [&hellip;]\" \/>\n<meta property=\"og:url\" content=\"https:\/\/www.oriocenter.it\/en\/masterclass-con-la-pecchi\/\" \/>\n<meta property=\"og:site_name\" content=\"Oriocenter\" \/>\n<meta property=\"article:published_time\" content=\"2026-07-21T08:58:24+00:00\" \/>\n<meta property=\"article:modified_time\" content=\"2026-07-21T08:58:26+00:00\" \/>\n<meta property=\"og:image\" content=\"https:\/\/www.oriocenter.it\/wp-content\/uploads\/2026\/07\/P-PECCHI_evento-1-agosto_1200x675px.jpg\" \/>\n\t<meta property=\"og:image:width\" content=\"1200\" \/>\n\t<meta property=\"og:image:height\" content=\"675\" \/>\n\t<meta property=\"og:image:type\" content=\"image\/jpeg\" \/>\n<meta name=\"author\" content=\"Antonia Latino\" \/>\n<meta name=\"twitter:card\" content=\"summary_large_image\" \/>\n<meta name=\"twitter:label1\" content=\"Written by\" \/>\n\t<meta name=\"twitter:data1\" content=\"Antonia Latino\" \/>\n\t<meta name=\"twitter:label2\" content=\"Estimated reading time\" \/>\n\t<meta name=\"twitter:data2\" content=\"2 minutes\" \/>\n<script type=\"application\/ld+json\" class=\"yoast-schema-graph\">{\"@context\":\"https:\/\/schema.org\",\"@graph\":[{\"@type\":\"Article\",\"@id\":\"https:\/\/www.oriocenter.it\/masterclass-con-la-pecchi\/#article\",\"isPartOf\":{\"@id\":\"https:\/\/www.oriocenter.it\/masterclass-con-la-pecchi\/\"},\"author\":{\"name\":\"Antonia Latino\",\"@id\":\"https:\/\/www.oriocenter.it\/#\/schema\/person\/11021316122d22befcf1194c9a8aaa8a\"},\"headline\":\"MASTERCLASS CON LA PECCHI\",\"datePublished\":\"2026-07-21T08:58:24+00:00\",\"dateModified\":\"2026-07-21T08:58:26+00:00\",\"mainEntityOfPage\":{\"@id\":\"https:\/\/www.oriocenter.it\/masterclass-con-la-pecchi\/\"},\"wordCount\":203,\"publisher\":{\"@id\":\"https:\/\/www.oriocenter.it\/#organization\"},\"image\":{\"@id\":\"https:\/\/www.oriocenter.it\/masterclass-con-la-pecchi\/#primaryimage\"},\"thumbnailUrl\":\"https:\/\/www.oriocenter.it\/wp-content\/uploads\/2026\/07\/P-PECCHI_evento-1-agosto_1200x675px.jpg\",\"articleSection\":[\"Eventi\"],\"inLanguage\":\"en-GB\"},{\"@type\":\"WebPage\",\"@id\":\"https:\/\/www.oriocenter.it\/masterclass-con-la-pecchi\/\",\"url\":\"https:\/\/www.oriocenter.it\/masterclass-con-la-pecchi\/\",\"name\":\"MASTERCLASS CON LA PECCHI | Oriocenter\",\"isPartOf\":{\"@id\":\"https:\/\/www.oriocenter.it\/#website\"},\"primaryImageOfPage\":{\"@id\":\"https:\/\/www.oriocenter.it\/masterclass-con-la-pecchi\/#primaryimage\"},\"image\":{\"@id\":\"https:\/\/www.oriocenter.it\/masterclass-con-la-pecchi\/#primaryimage\"},\"thumbnailUrl\":\"https:\/\/www.oriocenter.it\/wp-content\/uploads\/2026\/07\/P-PECCHI_evento-1-agosto_1200x675px.jpg\",\"datePublished\":\"2026-07-21T08:58:24+00:00\",\"dateModified\":\"2026-07-21T08:58:26+00:00\",\"breadcrumb\":{\"@id\":\"https:\/\/www.oriocenter.it\/masterclass-con-la-pecchi\/#breadcrumb\"},\"inLanguage\":\"en-GB\",\"potentialAction\":[{\"@type\":\"ReadAction\",\"target\":[\"https:\/\/www.oriocenter.it\/masterclass-con-la-pecchi\/\"]}]},{\"@type\":\"ImageObject\",\"inLanguage\":\"en-GB\",\"@id\":\"https:\/\/www.oriocenter.it\/masterclass-con-la-pecchi\/#primaryimage\",\"url\":\"https:\/\/www.oriocenter.it\/wp-content\/uploads\/2026\/07\/P-PECCHI_evento-1-agosto_1200x675px.jpg\",\"contentUrl\":\"https:\/\/www.oriocenter.it\/wp-content\/uploads\/2026\/07\/P-PECCHI_evento-1-agosto_1200x675px.jpg\",\"width\":1200,\"height\":675},{\"@type\":\"BreadcrumbList\",\"@id\":\"https:\/\/www.oriocenter.it\/masterclass-con-la-pecchi\/#breadcrumb\",\"itemListElement\":[{\"@type\":\"ListItem\",\"position\":1,\"name\":\"Home\",\"item\":\"https:\/\/www.oriocenter.it\/\"},{\"@type\":\"ListItem\",\"position\":2,\"name\":\"MASTERCLASS CON LA PECCHI\"}]},{\"@type\":\"WebSite\",\"@id\":\"https:\/\/www.oriocenter.it\/#website\",\"url\":\"https:\/\/www.oriocenter.it\/\",\"name\":\"Oriocenter\",\"description\":\"Dove lo shopping diventa esperienza\",\"publisher\":{\"@id\":\"https:\/\/www.oriocenter.it\/#organization\"},\"potentialAction\":[{\"@type\":\"SearchAction\",\"target\":{\"@type\":\"EntryPoint\",\"urlTemplate\":\"https:\/\/www.oriocenter.it\/?s={search_term_string}\"},\"query-input\":{\"@type\":\"PropertyValueSpecification\",\"valueRequired\":true,\"valueName\":\"search_term_string\"}}],\"inLanguage\":\"en-GB\"},{\"@type\":\"Organization\",\"@id\":\"https:\/\/www.oriocenter.it\/#organization\",\"name\":\"Oriocenter\",\"url\":\"https:\/\/www.oriocenter.it\/\",\"logo\":{\"@type\":\"ImageObject\",\"inLanguage\":\"en-GB\",\"@id\":\"https:\/\/www.oriocenter.it\/#\/schema\/logo\/image\/\",\"url\":\"https:\/\/www.oriocenter.it\/wp-content\/uploads\/2025\/01\/logo-orio-nero.svg\",\"contentUrl\":\"https:\/\/www.oriocenter.it\/wp-content\/uploads\/2025\/01\/logo-orio-nero.svg\",\"width\":551,\"height\":106,\"caption\":\"Oriocenter\"},\"image\":{\"@id\":\"https:\/\/www.oriocenter.it\/#\/schema\/logo\/image\/\"}},{\"@type\":\"Person\",\"@id\":\"https:\/\/www.oriocenter.it\/#\/schema\/person\/11021316122d22befcf1194c9a8aaa8a\",\"name\":\"Antonia Latino\",\"image\":{\"@type\":\"ImageObject\",\"inLanguage\":\"en-GB\",\"@id\":\"https:\/\/www.oriocenter.it\/#\/schema\/person\/image\/\",\"url\":\"https:\/\/secure.gravatar.com\/avatar\/edab79baff1d8e9216483c62ba668c7ada4f6c964ae9621c2d986d55dbbb9cab?s=96&d=mm&r=g\",\"contentUrl\":\"https:\/\/secure.gravatar.com\/avatar\/edab79baff1d8e9216483c62ba668c7ada4f6c964ae9621c2d986d55dbbb9cab?s=96&d=mm&r=g\",\"caption\":\"Antonia Latino\"},\"url\":\"https:\/\/www.oriocenter.it\/en\/author\/antonia\/\"}]}<\/script>\n<!-- \/ Yoast SEO plugin. -->","yoast_head_json":{"title":"MASTERCLASS WITH PECCHI | Oriocenter","robots":{"index":"index","follow":"follow","max-snippet":"max-snippet:-1","max-image-preview":"max-image-preview:large","max-video-preview":"max-video-preview:-1"},"canonical":"https:\/\/www.oriocenter.it\/en\/masterclass-con-la-pecchi\/","og_locale":"en_GB","og_type":"article","og_title":"MASTERCLASS CON LA PECCHI | Oriocenter","og_description":"PRONTA PER LE TUE BROW WOW? La Pecchi ti aspetta da \u00c8 QUI Parafarmacia sabato 1 agosto alle ore 16.30 per un appuntamento speciale. Durante la masterclass presenter\u00e0 il nuovo Mascara Sopracciglia Volumizzante, nato dalla collaborazione con il brand dermocosmetico Rougj, e ne mostrer\u00e0 l&#8217;utilizzo attraverso una dimostrazione dal vivo. Scoprirai come ottenere sopracciglia pi\u00f9 [&hellip;]","og_url":"https:\/\/www.oriocenter.it\/en\/masterclass-con-la-pecchi\/","og_site_name":"Oriocenter","article_published_time":"2026-07-21T08:58:24+00:00","article_modified_time":"2026-07-21T08:58:26+00:00","og_image":[{"width":1200,"height":675,"url":"https:\/\/www.oriocenter.it\/wp-content\/uploads\/2026\/07\/P-PECCHI_evento-1-agosto_1200x675px.jpg","type":"image\/jpeg"}],"author":"Antonia Latino","twitter_card":"summary_large_image","twitter_misc":{"Written by":"Antonia Latino","Estimated reading time":"2 minutes"},"schema":{"@context":"https:\/\/schema.org","@graph":[{"@type":"Article","@id":"https:\/\/www.oriocenter.it\/masterclass-con-la-pecchi\/#article","isPartOf":{"@id":"https:\/\/www.oriocenter.it\/masterclass-con-la-pecchi\/"},"author":{"name":"Antonia Latino","@id":"https:\/\/www.oriocenter.it\/#\/schema\/person\/11021316122d22befcf1194c9a8aaa8a"},"headline":"MASTERCLASS CON LA PECCHI","datePublished":"2026-07-21T08:58:24+00:00","dateModified":"2026-07-21T08:58:26+00:00","mainEntityOfPage":{"@id":"https:\/\/www.oriocenter.it\/masterclass-con-la-pecchi\/"},"wordCount":203,"publisher":{"@id":"https:\/\/www.oriocenter.it\/#organization"},"image":{"@id":"https:\/\/www.oriocenter.it\/masterclass-con-la-pecchi\/#primaryimage"},"thumbnailUrl":"https:\/\/www.oriocenter.it\/wp-content\/uploads\/2026\/07\/P-PECCHI_evento-1-agosto_1200x675px.jpg","articleSection":["Eventi"],"inLanguage":"en-GB"},{"@type":"WebPage","@id":"https:\/\/www.oriocenter.it\/masterclass-con-la-pecchi\/","url":"https:\/\/www.oriocenter.it\/masterclass-con-la-pecchi\/","name":"MASTERCLASS WITH PECCHI | Oriocenter","isPartOf":{"@id":"https:\/\/www.oriocenter.it\/#website"},"primaryImageOfPage":{"@id":"https:\/\/www.oriocenter.it\/masterclass-con-la-pecchi\/#primaryimage"},"image":{"@id":"https:\/\/www.oriocenter.it\/masterclass-con-la-pecchi\/#primaryimage"},"thumbnailUrl":"https:\/\/www.oriocenter.it\/wp-content\/uploads\/2026\/07\/P-PECCHI_evento-1-agosto_1200x675px.jpg","datePublished":"2026-07-21T08:58:24+00:00","dateModified":"2026-07-21T08:58:26+00:00","breadcrumb":{"@id":"https:\/\/www.oriocenter.it\/masterclass-con-la-pecchi\/#breadcrumb"},"inLanguage":"en-GB","potentialAction":[{"@type":"ReadAction","target":["https:\/\/www.oriocenter.it\/masterclass-con-la-pecchi\/"]}]},{"@type":"ImageObject","inLanguage":"en-GB","@id":"https:\/\/www.oriocenter.it\/masterclass-con-la-pecchi\/#primaryimage","url":"https:\/\/www.oriocenter.it\/wp-content\/uploads\/2026\/07\/P-PECCHI_evento-1-agosto_1200x675px.jpg","contentUrl":"https:\/\/www.oriocenter.it\/wp-content\/uploads\/2026\/07\/P-PECCHI_evento-1-agosto_1200x675px.jpg","width":1200,"height":675},{"@type":"BreadcrumbList","@id":"https:\/\/www.oriocenter.it\/masterclass-con-la-pecchi\/#breadcrumb","itemListElement":[{"@type":"ListItem","position":1,"name":"Home","item":"https:\/\/www.oriocenter.it\/"},{"@type":"ListItem","position":2,"name":"MASTERCLASS CON LA PECCHI"}]},{"@type":"WebSite","@id":"https:\/\/www.oriocenter.it\/#website","url":"https:\/\/www.oriocenter.it\/","name":"Oriocenter","description":"Where shopping becomes an experience","publisher":{"@id":"https:\/\/www.oriocenter.it\/#organization"},"potentialAction":[{"@type":"SearchAction","target":{"@type":"EntryPoint","urlTemplate":"https:\/\/www.oriocenter.it\/?s={search_term_string}"},"query-input":{"@type":"PropertyValueSpecification","valueRequired":true,"valueName":"search_term_string"}}],"inLanguage":"en-GB"},{"@type":"Organization","@id":"https:\/\/www.oriocenter.it\/#organization","name":"Oriocenter","url":"https:\/\/www.oriocenter.it\/","logo":{"@type":"ImageObject","inLanguage":"en-GB","@id":"https:\/\/www.oriocenter.it\/#\/schema\/logo\/image\/","url":"https:\/\/www.oriocenter.it\/wp-content\/uploads\/2025\/01\/logo-orio-nero.svg","contentUrl":"https:\/\/www.oriocenter.it\/wp-content\/uploads\/2025\/01\/logo-orio-nero.svg","width":551,"height":106,"caption":"Oriocenter"},"image":{"@id":"https:\/\/www.oriocenter.it\/#\/schema\/logo\/image\/"}},{"@type":"Person","@id":"https:\/\/www.oriocenter.it\/#\/schema\/person\/11021316122d22befcf1194c9a8aaa8a","name":"Antonia Latino","image":{"@type":"ImageObject","inLanguage":"en-GB","@id":"https:\/\/www.oriocenter.it\/#\/schema\/person\/image\/","url":"https:\/\/secure.gravatar.com\/avatar\/edab79baff1d8e9216483c62ba668c7ada4f6c964ae9621c2d986d55dbbb9cab?s=96&d=mm&r=g","contentUrl":"https:\/\/secure.gravatar.com\/avatar\/edab79baff1d8e9216483c62ba668c7ada4f6c964ae9621c2d986d55dbbb9cab?s=96&d=mm&r=g","caption":"Antonia Latino"},"url":"https:\/\/www.oriocenter.it\/en\/author\/antonia\/"}]}},"_links":{"self":[{"href":"https:\/\/www.oriocenter.it\/en\/wp-json\/wp\/v2\/posts\/6776","targetHints":{"allow":["GET"]}}],"collection":[{"href":"https:\/\/www.oriocenter.it\/en\/wp-json\/wp\/v2\/posts"}],"about":[{"href":"https:\/\/www.oriocenter.it\/en\/wp-json\/wp\/v2\/types\/post"}],"author":[{"embeddable":true,"href":"https:\/\/www.oriocenter.it\/en\/wp-json\/wp\/v2\/users\/4"}],"replies":[{"embeddable":true,"href":"https:\/\/www.oriocenter.it\/en\/wp-json\/wp\/v2\/comments?post=6776"}],"version-history":[{"count":1,"href":"https:\/\/www.oriocenter.it\/en\/wp-json\/wp\/v2\/posts\/6776\/revisions"}],"predecessor-version":[{"id":6778,"href":"https:\/\/www.oriocenter.it\/en\/wp-json\/wp\/v2\/posts\/6776\/revisions\/6778"}],"wp:featuredmedia":[{"embeddable":true,"href":"https:\/\/www.oriocenter.it\/en\/wp-json\/wp\/v2\/media\/6777"}],"wp:attachment":[{"href":"https:\/\/www.oriocenter.it\/en\/wp-json\/wp\/v2\/media?parent=6776"}],"wp:term":[{"taxonomy":"category","embeddable":true,"href":"https:\/\/www.oriocenter.it\/en\/wp-json\/wp\/v2\/categories?post=6776"},{"taxonomy":"post_tag","embeddable":true,"href":"https:\/\/www.oriocenter.it\/en\/wp-json\/wp\/v2\/tags?post=6776"}],"curies":[{"name":"wp","href":"https:\/\/api.w.org\/{rel}","templated":true}]}}